{"id":1986,"date":"2014-09-22T15:15:08","date_gmt":"2014-09-22T13:15:08","guid":{"rendered":"http:\/\/www.meta-physik.com\/blog\/?p=1986"},"modified":"2019-02-14T11:21:49","modified_gmt":"2019-02-14T10:21:49","slug":"photowalk-vienna-donaupark-28-09-2014","status":"publish","type":"post","link":"http:\/\/www.meta-physik.com\/blog\/photowalk-vienna-donaupark-28-09-2014\/","title":{"rendered":"Photowalk Vienna, Donaupark (28.09.2014)"},"content":{"rendered":"<p><img loading=\"lazy\" decoding=\"async\" class=\"alignnone size-full wp-image-1992\" src=\"http:\/\/www.meta-physik.com\/blog\/wp-content\/uploads\/2014\/09\/P1080191.jpg\" alt=\"P1080191\" width=\"540\" height=\"304\" srcset=\"http:\/\/www.meta-physik.com\/blog\/wp-content\/uploads\/2014\/09\/P1080191.jpg 540w, http:\/\/www.meta-physik.com\/blog\/wp-content\/uploads\/2014\/09\/P1080191-300x168.jpg 300w\" sizes=\"(max-width: 540px) 100vw, 540px\" \/><\/p>\n<p>Es wird wieder photogewalked, im Donaupark in Wien. Robert Lender (<a href=\"https:\/\/twitter.com\/roblen\" target=\"_blank\">@roblen<\/a>) und Maria Pflug-Hofmayr (<a href=\"https:\/\/twitter.com\/meta_physik\" target=\"_blank\">@meta_physik<\/a>) spazieren, fotografieren und plaudern und freuen sich \u00fcber weitere Mitspazierende.<\/p>\n<h2>Zeit- und Treffpunkt<\/h2>\n<p>Photowalk Vienna im Donaupark, am <strong>Sonntag, 28. September 2014, 14.00 Uhr<\/strong> (bis ca. 17.00 Uhr)<br \/>\nTreffpunkt vor dem Kinderspielplatz nach dem China-Restaurant (<a href=\"http:\/\/www.wien.gv.at\/umwelt\/parks\/pdf\/donauparkplan.pdf\" target=\"_blank\"><strong>siehe Plan<\/strong><\/a>). Dies ist unser Start- und Endpunkt.<!--more-->Und wenn es regnet? Dann treffen wir uns trotzdem, bereden kurz die Situation und photowalken beispielsweise die U-Bahn-Stationen entlang.<\/p>\n<p><img loading=\"lazy\" decoding=\"async\" class=\"alignnone size-full wp-image-1993\" src=\"http:\/\/www.meta-physik.com\/blog\/wp-content\/uploads\/2014\/09\/P1080201.jpg\" alt=\"P1080201\" width=\"540\" height=\"304\" srcset=\"http:\/\/www.meta-physik.com\/blog\/wp-content\/uploads\/2014\/09\/P1080201.jpg 540w, http:\/\/www.meta-physik.com\/blog\/wp-content\/uploads\/2014\/09\/P1080201-300x168.jpg 300w\" sizes=\"(max-width: 540px) 100vw, 540px\" \/><\/p>\n<h2>Die Strecke<\/h2>\n<p>Eine genaue Strecke gibt es nicht. Es hat sich gezeigt, dass kleine Gr\u00fcppchen ganz unterschiedliche Geschwindigkeiten entwickeln.<br \/>\nWir planen aber uns vom Treffpunkt, \u00fcber den Rosengarten, Korea Kulturhaus zum Denkmal der Technik zu bewegen. Eine Fahrt auf den Donauturm sollte sich ausgehen und wer mag, kann noch zum Papstkreuz abbiegen, danach geht es wieder retour \u00fcber den Kaffehausberg. An der Strecke stehen auch die Denkm\u00e4ler einiger bekannter Pers\u00f6nlichkeiten. Somit findet sich auf der Strecke so manch interessantes Motiv.<br \/>\nWer mag, trifft sich dann wieder um 17.00 am Treffpunkt um danach im China-Restaurant den Photowalk ausklingen zu lassen.<\/p>\n<p><a href=\"http:\/\/www.meta-physik.com\/blog\/wp-content\/uploads\/2014\/09\/chinese_donaupark.jpg\" target=\"_blank\"><img loading=\"lazy\" decoding=\"async\" class=\"alignnone wp-image-1996\" src=\"http:\/\/www.meta-physik.com\/blog\/wp-content\/uploads\/2014\/09\/chinese_donaupark.jpg\" alt=\"chinese_donaupark\" width=\"540\" height=\"198\" srcset=\"http:\/\/www.meta-physik.com\/blog\/wp-content\/uploads\/2014\/09\/chinese_donaupark.jpg 1600w, http:\/\/www.meta-physik.com\/blog\/wp-content\/uploads\/2014\/09\/chinese_donaupark-300x110.jpg 300w, http:\/\/www.meta-physik.com\/blog\/wp-content\/uploads\/2014\/09\/chinese_donaupark-1024x375.jpg 1024w\" sizes=\"(max-width: 540px) 100vw, 540px\" \/><\/a><\/p>\n<p>F\u00fcr alle, die es noch nicht wissen und die Kurzerkl\u00e4rung nicht schon \u00f6fters gelesen haben:<\/p>\n<h2>Was ist ein Photowalk?<\/h2>\n<p>Man trifft sich, geht gemeinsam und fotografiert, was einem so vor die Linse kommt. Ja, das k\u00f6nnte man auch ganz allein. Aber zusammen macht es einfach mehr Spa\u00df.<\/p>\n<p><strong>Wie immer gilt:<\/strong> Lasst euch nicht von unseren teilnehmenden ProfifotografInnen abschrecken \ud83d\ude42 Beim Photowalk steht der Austausch, der Spass und das kreative Miteinander im Vordergrund. Ob Spiegelreflexkamera, Digicam, Handycam, Analog oder Digital, 0.5 oder 12 Megapixel. All eure Aufnahmeger\u00e4te sind herzlich Willkommen. Wer einfach gerne fotografiert und das gerne mal mit anderen ausprobieren m\u00f6chte, der\/die ist eingeladen mitzumachen.<br \/>\nBei den vorherigen Photowalks hat sich gezeigt, das gerade diese Mischung interessant und anregend ist.<br \/>\nMit-PhotowalkerInnen k\u00f6nnen auch (wenn sie es wollen) wunderbar als Fotomodelle dienen. Es gibt in der (losen) Gruppe somit auch viele M\u00f6glichkeiten, kreativ zu werden.<\/p>\n<h2>Flickr, Facebook und Co.<\/h2>\n<p>Um das gemeinsame Fotografieren ein wenig zu dokumentieren ist jede_r eingeladen, danach seine\/ihre Fotos auf Flickr, <a href=\"https:\/\/www.flickr.com\/groups\/photowalkwien\/\" target=\"_blank\">in die Gruppe Photowalk Wien hochzuladen<\/a>.<br \/>\nMehr als 2.700 Fotos finden sich schon dort. Vielleicht bemerkt es jemand, dass auch immer wieder Wien-Fotos in &#8222;photowalklosen&#8220; Zeiten auftauchen. Nun, einen Photowalk kann jede_r machen, ausrufen,\u2026 und das ist gut so.<\/p>\n<h2>Hashtag<\/h2>\n<p>Wer immer auch f\u00fcr den Photowalk Werbung macht (danke!), dar\u00fcber bloggt und twittert oder Fotos auf flickr hochstellt. Bitte verwendet doch den Hashtag <a href=\"https:\/\/twitter.com\/search?q=%23pwvie\" target=\"_blank\"><strong>#pwvie<\/strong><\/a>. Das macht das Finden einfacher.<\/p>\n<p>\u2026 und wer noch Fragen hat, der\/die schreibt an <a href=\"mailto:photowalk@robertlender.info\">photowalk@robertlender.info<\/a><\/p>\n<p><img loading=\"lazy\" decoding=\"async\" class=\"alignnone size-full wp-image-1994\" src=\"http:\/\/www.meta-physik.com\/blog\/wp-content\/uploads\/2014\/09\/P1080206.jpg\" alt=\"P1080206\" width=\"540\" height=\"304\" srcset=\"http:\/\/www.meta-physik.com\/blog\/wp-content\/uploads\/2014\/09\/P1080206.jpg 540w, http:\/\/www.meta-physik.com\/blog\/wp-content\/uploads\/2014\/09\/P1080206-300x168.jpg 300w\" sizes=\"(max-width: 540px) 100vw, 540px\" \/><\/p>\n","protected":false},"excerpt":{"rendered":"<p>Es wird wieder photogewalked, im Donaupark in Wien. Robert Lender (@roblen) und Maria Pflug-Hofmayr (@meta_physik) spazieren, fotografieren und plaudern und freuen sich \u00fcber weitere Mitspazierende. Zeit- und Treffpunkt Photowalk Vienna im Donaupark, am Sonntag, 28. September 2014, 14.00 Uhr (bis ca. 17.00 Uhr) Treffpunkt vor dem Kinderspielplatz nach dem China-Restaurant (siehe Plan). Dies ist unser [&hellip;]<\/p>\n","protected":false},"author":3,"featured_media":0,"comment_status":"open","ping_status":"open","sticky":false,"template":"","format":"standard","meta":{"footnotes":""},"categories":[1],"tags":[42,24,37],"_links":{"self":[{"href":"http:\/\/www.meta-physik.com\/blog\/wp-json\/wp\/v2\/posts\/1986"}],"collection":[{"href":"http:\/\/www.meta-physik.com\/blog\/wp-json\/wp\/v2\/posts"}],"about":[{"href":"http:\/\/www.meta-physik.com\/blog\/wp-json\/wp\/v2\/types\/post"}],"author":[{"embeddable":true,"href":"http:\/\/www.meta-physik.com\/blog\/wp-json\/wp\/v2\/users\/3"}],"replies":[{"embeddable":true,"href":"http:\/\/www.meta-physik.com\/blog\/wp-json\/wp\/v2\/comments?post=1986"}],"version-history":[{"count":11,"href":"http:\/\/www.meta-physik.com\/blog\/wp-json\/wp\/v2\/posts\/1986\/revisions"}],"predecessor-version":[{"id":2002,"href":"http:\/\/www.meta-physik.com\/blog\/wp-json\/wp\/v2\/posts\/1986\/revisions\/2002"}],"wp:attachment":[{"href":"http:\/\/www.meta-physik.com\/blog\/wp-json\/wp\/v2\/media?parent=1986"}],"wp:term":[{"taxonomy":"category","embeddable":true,"href":"http:\/\/www.meta-physik.com\/blog\/wp-json\/wp\/v2\/categories?post=1986"},{"taxonomy":"post_tag","embeddable":true,"href":"http:\/\/www.meta-physik.com\/blog\/wp-json\/wp\/v2\/tags?post=1986"}],"curies":[{"name":"wp","href":"https:\/\/api.w.org\/{rel}","templated":true}]}}