{"id":1307,"date":"2011-07-24T17:39:53","date_gmt":"2011-07-24T15:39:53","guid":{"rendered":"http:\/\/www.meta-physik.com\/blog\/?p=1307"},"modified":"2019-02-14T11:41:26","modified_gmt":"2019-02-14T10:41:26","slug":"blog-teleskop-80","status":"publish","type":"post","link":"https:\/\/www.meta-physik.com\/blog\/blog-teleskop-80\/","title":{"rendered":"Blog-Teleskop #80"},"content":{"rendered":"<p><img loading=\"lazy\" decoding=\"async\" title=\"Blog-Teleskop #80\" src=\"http:\/\/www.meta-physik.com\/wp-content\/uploads\/2008\/06\/blogteleskop.jpg\" alt=\"Blog-Teleskop #80\" hspace=\"6\" width=\"225\" height=\"171\" align=\"right\" \/><strong>Wieder sind 2 Wochen ins Land gegangen, seit das <a href=\"http:\/\/www.relativ-kritisch.net\/blog\/astronomie\/blog-teleskop-79\" target=\"_blank\">Blog-Teleskop #79<\/a> bei Relativ kritisch erschienen ist. Zeit das Teleskop neu auszurichten! Ein wesentliches Thema war das <a href=\"http:\/\/der-orion.com\/index.php?option=com_content&amp;view=article&amp;id=725:endgueltiger-abschied-vom-spaceshuttle&amp;catid=1:neues&amp;Itemid=74\" target=\"_blank\">Ende der Shuttle-\u00c4ra<\/a>, zwei weitere ein <a href=\"http:\/\/www.starobserver.org\/ap110719.html\" target=\"_blank\">Blick auf Vesta<\/a> und die <a href=\"http:\/\/www.starobserver.org\/ap110722.html\" target=\"_blank\">Entdeckung von P4<\/a>. Aber sch\u00f6n der Reihe nach. Ich mag Listen, die ich abarbeiten kann, deshalb rufe ich auch diesmal <a href=\"http:\/\/www.scienceblogs.de\/astrodicticum-simplex\/blog-teleskop.php\">die von Florian Freistetter<\/a> auf und sehe von hinten beginnend, wo es Neues gibt.<br \/>\n<\/strong><\/p>\n<p><strong><!--more--><\/strong><strong> Susanne Hoffmann<\/strong> alias <a href=\"http:\/\/www.kosmologs.de\/kosmo\/blog\/uhura-uraniae\/\" target=\"_blank\">Uhura Uraniae<\/a> ist besch\u00e4ftigt mit den Vorbereitungen f\u00fcr das das <a href=\"http:\/\/www.kosmologs.de\/kosmo\/blog\/uhura-uraniae\/erlebnis-astronomie\/2011-06-24\/spacecamp-in-berlin-potsdam-und-hamburg\" target=\"_blank\">Space-Camp in Berlin und Potsdam<\/a> und weist auf die <strong>Burggespr\u00e4che des Orion<\/strong> hin, die zum 3. Mal von 12.-15. August auf <a href=\"http:\/\/www.schloss-albrechtsberg.org\/blog\/\" target=\"_blank\">Schloss Albrechtsberg<\/a> stattfinden &#8211; noch sind Pl\u00e4tze frei!<\/p>\n<p>Bei <strong><a href=\"http:\/\/okto.tv\/supernova\/\" target=\"_blank\">SuperNova<\/a><\/strong> ist ein <a href=\"http:\/\/okto.tv\/supernova\/2011\/07\/11\/yuris-night-2011-jetzt-auf-youtube\/\" target=\"_blank\">Bericht \u00fcber Yuri&#8217;s Night<\/a> in Wien abrufbar.<\/p>\n<p><strong>Tanja Morschh\u00e4user<\/strong> zeigt <a href=\"http:\/\/www.sternengucker.org\/\" target=\"_blank\">in ihrem Blog<\/a> <a href=\"http:\/\/blog.tanja-morschhaeuser.de\/2011\/snail-mail-made-my-day\/\" target=\"_blank\">eine Schneckenpost<\/a>, die sie zum Lachen bringt. Astronomie, Astrologie und Karten legen &#8211; ist doch eh alles dasselbe!<\/p>\n<p><strong>Olaf Prause<\/strong> zeigt bei<strong> <a href=\"http:\/\/solscape.astroarts.org\/\" target=\"_blank\">Solscape<\/a><\/strong> einige Videos vom letzten Flug der Atlantis: <a href=\"http:\/\/solscape.astroarts.org\/2011\/07\/11\/atlantis-dockt-an-iss-an\/\" target=\"_blank\">wie sie andockt<\/a>, <a href=\"http:\/\/solscape.astroarts.org\/2011\/07\/21\/das-ende-der-shuttle-aera\/\" target=\"_blank\">wie sie landet<\/a>. Au\u00dferdem widmet er dem Kleinplaneten Vesta <a href=\"http:\/\/solscape.astroarts.org\/2011\/07\/15\/alle-augen-auf-vesta\/\" target=\"_blank\">zwei<\/a> <a href=\"http:\/\/solscape.astroarts.org\/2011\/07\/20\/dawn-erste-nahaufnahmen-vom-asteroiden-vesta\/\" target=\"_blank\">Beitr\u00e4ge<\/a>, einen dem k\u00fcrzlich entdeckten <a href=\"http:\/\/solscape.astroarts.org\/2011\/07\/20\/hubble-entdeckt-weiteren-mond-um-pluto\/\" target=\"_blank\">Plutomond P4<\/a> und einen dem geplanten <a href=\"http:\/\/solscape.astroarts.org\/2011\/07\/23\/marsrover-curiosity-wird-im-gale-krater-landen\/\" target=\"_blank\">Marsrover Curiosity<\/a>.<\/p>\n<p>\u00dcber <strong>Daniel Fischer<\/strong>s Blog <a href=\"http:\/\/skyweek.wordpress.com\/\" target=\"_blank\">Skyweek Zwei Punkt Null<\/a> k\u00f6nnte man ja ein eigenes Blog verfassen, ich versuche die Rosinen rauszupicken: Prominent nat\u00fcrlich auch hier der letzte Shuttleflug: <a href=\"http:\/\/skyweek.wordpress.com\/2011\/07\/10\/zum-3-mal-erfolgreich-stratoballon-sieht-sts-135\/\" target=\"_blank\">Stratoballon sieht STS-135<\/a>, <a href=\"http:\/\/skyweek.wordpress.com\/2011\/07\/14\/ein-schmetterling-angeschraubt-auf-einer-gewehrkugel-das-war-der-space-shuttle\/\" target=\"_blank\">Schmetterling auf Gewehrkugel<\/a>, das <a href=\"http:\/\/skyweek.wordpress.com\/2011\/07\/21\/das-ende-einer-ara-fast-ohne-worte\/\" target=\"_blank\">Ende einer \u00c4ra<\/a> und was <a href=\"http:\/\/skyweek.wordpress.com\/2011\/07\/22\/was-der-shuttle-konnte-und-was-kommen-soll\/\" target=\"_blank\">danach kommen soll<\/a>; Auch er <a href=\"http:\/\/skyweek.wordpress.com\/2011\/07\/16\/in-3-12-stunden-ist-dawn-im-orbit-um-vesta\/\" target=\"_blank\">blickt<\/a> auf <a href=\"http:\/\/skyweek.wordpress.com\/2011\/07\/18\/das-erste-bild-von-vesta-aus-der-umlaufbahn\/\" target=\"_blank\">Vesta<\/a>. Interessant sind auch seine kompakten Kurznachrichten \u00fcber <a href=\"http:\/\/skyweek.wordpress.com\/2011\/07\/12\/nachrichten-aus-der-planetenforschung-kompakt-4\/\" target=\"_blank\">Planetenforschung<\/a>, <a href=\"http:\/\/skyweek.wordpress.com\/2011\/07\/16\/nachrichten-von-weltraum-teleskopen-kompakt\/\" target=\"_blank\">Weltraumteleskope<\/a>, <a href=\"http:\/\/skyweek.wordpress.com\/2011\/07\/17\/nachrichten-aus-der-raumfahrt-kompakt-36\/\" target=\"_blank\">Raumfahrt<\/a> und <a href=\"http:\/\/skyweek.wordpress.com\/2011\/07\/18\/nachrichten-aus-der-astronomie-kompakt-7\/\" target=\"_blank\">Astronomie<\/a>.<\/p>\n<p><a href=\"http:\/\/www.relativ-kritisch.net\/blog\/\" target=\"_blank\"><strong>Relativ kritisch<\/strong><\/a> nimmt in einer Buchbesprechung <a href=\"http:\/\/www.relativ-kritisch.net\/blog\/grundsatze-guter-wissenschaftlicher-praxis\/vorbestellen-%E2%80%9Einszenierung-als-beruf-der-fall-guttenberg%E2%80%9C\" target=\"_blank\">Herrn von und zu auseinander<\/a> (die einzigen Titel, die ihm geblieben sind) <a href=\"http:\/\/www.relativ-kritisch.net\/blog\/kritiker\/peter-rosch-und-sein-unsinn-mit-peter-galison\" target=\"_blank\">sowie einen weiteren Einstein-Widerleger<\/a> und berichtet \u00fcber <a href=\"http:\/\/www.relativ-kritisch.net\/blog\/astronomie\/%E2%80%9Ehalbe-heidelberger-sternstunden%E2%80%9C-die-etwas-andere-mittagspause\" target=\"_blank\">halbe Heidelberger Sternstunden<\/a>.<\/p>\n<p><a href=\"http:\/\/www.wissenslogs.de\/wblogs\/blog\/relativ-einfach\/\" target=\"_blank\"><strong>Relativ einfach<\/strong><\/a> ist zusammenzufassen, was <strong>Markus P\u00f6ssel<\/strong> \u00fcber die <a href=\"http:\/\/www.wissenslogs.de\/wblogs\/blog\/relativ-einfach\/allgemein\/2011-07-18\/iss-und-wissenschaft\" target=\"_blank\">ISS und die Wissenschaft <\/a>schreibt (es ist relativ viel!)<\/p>\n<p>Im Blog des <a href=\"http:\/\/blog.oewf.org\/\" target=\"_blank\"><strong>\u00d6sterreichischen Weltraum Forums<\/strong><\/a> findet sich Sabrina Dejakums Bericht <a href=\"http:\/\/blog.oewf.org\/2011\/07\/mein-erster-ausflug-in-die-weltraumforschung-sabrina-dejakum-berichtet-von-ihrer-ersten-praktikumswoche-beim-oewf\/\" target=\"_blank\">\u00fcber ihr Ferialpraktikum<\/a> und ein <a href=\"http:\/\/blog.oewf.org\/2011\/07\/graz-ist-osterreichs-sommer-weltraumhauptstadt-2011\/\" target=\"_blank\">Abriss \u00fcber Graz als Weltraumstadt<\/a>.<\/p>\n<p>Zwar nicht aktuell, aber ein mir wichtiges Thema: <strong><a href=\"http:\/\/astrojahr.blogspot.com\/2011\/07\/kommt-jetzt-2014-2015-das.html\" target=\"_blank\">Kommt das Internationale Jahr des Lichts?<\/a><\/strong>, fragt Daniel Fischer in <a href=\"http:\/\/astrojahr.blogspot.com\/\" target=\"_blank\">News rund um das Internationale Jahr der Astronomie 2009<\/a>. Sch\u00f6n w\u00e4r&#8217;s.<\/p>\n<p><strong>Stefan Taube<\/strong> zeigt bei Lichtecho <a href=\"http:\/\/lichtecho.blogspot.com\/2011\/07\/robot-astronomy-talk-show-folge-4.html\" target=\"_blank\">Folge 4<\/a> und <a href=\"http:\/\/lichtecho.blogspot.com\/2011\/07\/robot-astronomy-talk-show-folge-5.html\" target=\"_blank\">Folge 5<\/a> der Robot Astronomy Talk Show, Polarlichter, <a href=\"http:\/\/lichtecho.blogspot.com\/2011\/07\/polarlichter-gesehen-von-der-iss.html\" target=\"_blank\">von der ISS aus gesehen<\/a>, ein <a href=\"http:\/\/lichtecho.blogspot.com\/2011\/07\/aus-dem-leben-eines-rovers.html\" target=\"_blank\">Video des Marsrovers Spirit<\/a> und das <a href=\"http:\/\/lichtecho.blogspot.com\/2011\/07\/willkommen-im-krater-gale.html\" target=\"_blank\">Landeziel des Marsrovers Curiosity<\/a>.<\/p>\n<p><strong>Jan Hattenbach<\/strong> schreibt zuverl\u00e4ssig oft in den <strong><a href=\"http:\/\/www.kosmologs.de\/kosmo\/blog\/himmelslichter\" target=\"_blank\">Himmelslichter<\/a><\/strong>n, was ihn bewegt und berichtet Erfreuliches: <a href=\"http:\/\/www.kosmologs.de\/kosmo\/blog\/himmelslichter\/lichtverschmutzung\/2011-07-15\/nutzlos-und-zu-teuer-belgien-schaltet-autobahnbeleuchtung-ab\" target=\"_blank\">Belgien schaltet die Autobahnbeleuchtung ab<\/a>! Einer M\u00e4r zufolge stammt diese Verschwendung aus einer Zeit, als die Atomlobby damit warb, mit dem \u00fcbersch\u00fcssigen Nachtstrom (so ein Atomkraftwerk l\u00e4sst sich ja nicht einfach nachts runterfahren) die Stra\u00dfen beleuchten zu k\u00f6nnen. <strong>Tsch\u00fcs Atomstom, tsch\u00fcs Nachtbeleuchtung!<\/strong><\/p>\n<p>Auf der Insel Teneriffa st\u00f6\u00dft Jan jedoch auf eine <a href=\"http:\/\/www.kosmologs.de\/kosmo\/blog\/himmelslichter\/atmosphare\/2011-07-22\/laser-und-quanten-am-himmel-lichtverschmutzung-mal-anders\" target=\"_blank\"><strong>seltsame Form der Lichtverschmutzung<\/strong><\/a>: den Tracking-Laser eines Experiments des \u00f6sterreichischen Instituts f\u00fcr Quantenoptik mit verschr\u00e4nkten Quanten.<\/p>\n<p>Die Leute vom <a href=\"http:\/\/hifae.blogspot.com\/\" target=\"_blank\"><strong>Heuchelheimer Himmelsf\u00e4hnchen<\/strong><\/a> lassen mal 5 gerade sein und <a href=\"http:\/\/hifae.blogspot.com\/2011\/07\/grillabend-16072011.html\" target=\"_blank\">grillen<\/a>.<\/p>\n<p><strong>Michael Khan<\/strong> liefert bei <a href=\"http:\/\/www.kosmologs.de\/kosmo\/blog\/go-for-launch\" target=\"_blank\"><strong>Go for Launch<\/strong><\/a> einen gewohnt guten, umfangreichen Beitrag \u00fcber den <a href=\"http:\/\/www.kosmologs.de\/kosmo\/blog\/go-for-launch\/allgemein\/2011-07-19\/dawn_vesta_orbit_erste_bilder\" target=\"_blank\">Besuch der Raumsonde Dawn beim Asteroiden Vesta<\/a>.<\/p>\n<p><strong>Andreas M\u00fcller<\/strong> berichtet in <strong><a href=\"http:\/\/www.kosmologs.de\/kosmo\/blog\/einsteins-kosmos\/\" target=\"_blank\">Einsteins Kosmos<\/a><\/strong> \u00fcber <a href=\"http:\/\/www.kosmologs.de\/kosmo\/blog\/einsteins-kosmos\/allgemein\/2011-07-17\/astronomie-in-schulklasse-12\" target=\"_blank\">Lehrerfortbildung f\u00fcr den Astrophysik-Unterricht in Schulklasse 12<\/a> (nur in Bayern, leider, und nur auf Wunsch) und \u00fcber den <a href=\"http:\/\/www.kosmologs.de\/kosmo\/blog\/einsteins-kosmos\/allgemein\/2011-07-23\/spuren-des-higgs-teilchens-entdeckt\" target=\"_blank\">m\u00f6glichen Fund von Spuren des Higgs-Teilchens<\/a> (wenn stimmt: Heureka!)<\/p>\n<p>Der letzte Flug der Atlantis ist auch Thema bei den <strong>DLR-Blogs<\/strong>: <strong><a href=\"http:\/\/www.dlr.de\/blogs\/DesktopDefault.aspx\/tabid-7023\/11643_read-446\/\" target=\"_blank\">Ulrich K\u00f6hler<\/a><\/strong> und <strong><a href=\"http:\/\/www.dlr.de\/blogs\/DesktopDefault.aspx\/tabid-7023\/11643_read-449\/\" target=\"_blank\">Thilo Kranz<\/a><\/strong> schreiben dar\u00fcber.<\/p>\n<p>Der Mensch hat bekanntlich Probleme sich gro\u00dfe Zahlen vorzustellen. <strong>Stefan Oldenburg<\/strong> von <strong><a href=\"http:\/\/www.kosmologs.de\/kosmo\/blog\/clear-skies\/\" target=\"_blank\">Clear Skies<\/a><\/strong> bietet daher Erdgeschichte zum Scrollen &#8211; achtung, ein seeeeeeeeehr langer Artikel, aber m\u00e4\u00dfig viel zu lesen &#8211; <a href=\"http:\/\/www.kosmologs.de\/kosmo\/blog\/clear-skies\/grundsatzliches\/2011-06-21\/erdgeschichte-zum-scrollen\" target=\"_blank\">seht selbst<\/a>.<\/p>\n<p><strong>Manfred Holl<\/strong> berichtet in <a href=\"http:\/\/astroholl.blogspot.com\/\" target=\"_blank\">Astroholls Blog<\/a> \u00fcber seine Beobachtung der <a href=\"http:\/\/astroholl.blogspot.com\/2011\/07\/die-sonne-im-juni-2011.html\" target=\"_blank\">Sonnenaktivit\u00e4t im Juni<\/a>.<\/p>\n<p><strong>Andreas Schnabel<\/strong> (<strong><a href=\"http:\/\/aschnabel.bplaced.net\/wordpress\/\" target=\"_blank\">Astrofan80&#8217;s Blog<\/a><\/strong>) ist der <a href=\"http:\/\/aschnabel.bplaced.net\/wordpress\/2011\/07\/4-vesta-anfang-august-2011-gunstig-in-opposition\/\" target=\"_blank\">Kleinplanet Vesta<\/a> gleich <a href=\"http:\/\/aschnabel.bplaced.net\/wordpress\/2011\/07\/dawn-erreicht-den-asteroiden-vesta\/\" target=\"_blank\">zwei Berichte wert<\/a>, ansonsten <a href=\"http:\/\/aschnabel.bplaced.net\/wordpress\/2011\/07\/sommerurlaub-2011-wenig-astronomisches\/\" target=\"_blank\">macht er Urlaub<\/a>.<\/p>\n<p>Anscheinend niemals <a href=\"http:\/\/www.scienceblogs.de\/astrodicticum-simplex\/2011\/07\/ha-ich-mache-urlaub.php\" target=\"_blank\">Urlaub<\/a> macht <strong>Florian Freistetter<\/strong>, zumindest nicht auf seinem Blog <strong><a href=\"http:\/\/www.scienceblogs.de\/astrodicticum-simplex\/\" target=\"_blank\">Astrodicticum Simplex<\/a><\/strong> &#8211; auch er schreibt \u00fcber <a href=\"http:\/\/www.scienceblogs.de\/astrodicticum-simplex\/2011\/07\/dawn-umkreist-vesta.php\" target=\"_blank\">Dawn bei Vesta<\/a>, erkl\u00e4rt uns anhand eines Beispiels, <a href=\"http:\/\/www.scienceblogs.de\/astrodicticum-simplex\/2011\/07\/was-fur-ein-fantastischer-regenbogen.php\" target=\"_blank\">wie ein Regenbogen entsteht<\/a>, stellt uns <a href=\"http:\/\/www.scienceblogs.de\/astrodicticum-simplex\/2011\/07\/unendlich-viele-doppelganger-aus-der-parallelwelt.php\" target=\"_blank\">Doppelg\u00e4nger aus Paralleluniversen<\/a> und das <a href=\"http:\/\/www.scienceblogs.de\/astrodicticum-simplex\/2011\/07\/das-paralleluniversum-in-der-extradimension.php\" target=\"_blank\">Paralleluniversum in der Extradimension<\/a> sowie <a href=\"http:\/\/www.scienceblogs.de\/astrodicticum-simplex\/2011\/07\/blasenuniversen-im-schweizer-kase.php\" target=\"_blank\">Blasenuniversen in Schweizer K\u00e4se<\/a> vor. Alle Beitr\u00e4ge behandeln das Buch &#8222;<a href=\"http:\/\/www.scienceblogs.de\/astrodicticum-simplex\/2011\/07\/die-versteckte-realitat-leben-wir-in-einem-multiversum.php\" target=\"_blank\">Die versteckte Realit\u00e4t &#8211; Leben wir in einem Multiversum?<\/a>&#8220; Einmal mehr prangert er au\u00dferdem <a href=\"http:\/\/www.scienceblogs.de\/astrodicticum-simplex\/2011\/07\/erst-forschen-dann-fordern.php\" target=\"_blank\">die Schwierigkeit, Forschungsgelder zu erlangen<\/a>, an.<\/p>\n<p>Im <strong>Astroblog Bad Lippspringe<\/strong> schildert <strong>Wolfgang Dzieran<\/strong>, <a href=\"http:\/\/astroblog-lippspringe.blogspot.com\/\" target=\"_blank\">was am Himmel zu sehen ist<\/a>.<\/p>\n<p><strong>Wort- und bildgewaltig wie immer schildert <\/strong><strong>Eugen &#8222;<a href=\"http:\/\/www.der-orion.com\/index.php?option=com_content&amp;view=article&amp;id=32&amp;Itemid=115\" target=\"_blank\">Astra<\/a>&#8220; Reichl<\/strong> in <strong><a href=\"http:\/\/www.kosmologs.de\/kosmo\/blog\/astras-spacelog\" target=\"_blank\">Astras Spacelog<\/a><\/strong> die <a href=\"http:\/\/www.kosmologs.de\/kosmo\/blog\/astras-spacelog\/wissen\/2011-07-14\/space-shuttle-trivia\" target=\"_blank\">Glanzlichter der Shuttle\u00e4ra<\/a>.<\/p>\n<p><strong>Frank Leiter<\/strong> von <a href=\"http:\/\/asterythms.net\/blog\/\" target=\"_blank\"><strong>Asterythms<\/strong><\/a> leitet eine <a href=\"http:\/\/asterythms.net\/blog\/?p=227\" target=\"_blank\">Anfrage \u00fcber einen seltsamen Steinkreis<\/a> weiter und widmet den <a href=\"http:\/\/asterythms.net\/blog\/?p=228\" target=\"_blank\">Fizzelchen eine Ode<\/a>.<\/p>\n<p>Neu in der Blogrunde und noch nicht gelistet ist <strong>AstroNews.com<\/strong> von <strong>Stefan Deiters<\/strong>, das jeden Tag lesenswert ist. (ich bin am Ende meiner Kr\u00e4fte, die Tastatur raucht, <a href=\"http:\/\/www.astronews.com\/news\/\" target=\"_blank\">lest einfach selbst<\/a> :D)<\/p>\n<p>Und ebenfalls nicht gelistet ist das <strong>Astronomieschulblog<\/strong> von <strong>Oliver Debus<\/strong>. Dort liest man \u00fcber <a href=\"http:\/\/astronomieschule.de\/cgi-bin\/weblog_basic\/index.php?p=139\" target=\"_blank\">Enterprise, den ersten Shuttle<\/a>, die <a href=\"http:\/\/astronomieschule.de\/cgi-bin\/weblog_basic\/index.php?p=130\" target=\"_blank\">Landung der Atlantis<\/a> und das <a href=\"http:\/\/astronomieschule.de\/cgi-bin\/weblog_basic\/index.php?p=126\" target=\"_blank\">Herzbergturmfest in Bad Homburg<\/a>.<\/p>\n<p>Vielen Dank an alle, die&#8217;s bisher geschafft haben, und werft in zwei Wochen wieder einen Blick durch das Blog-Teleskop &#8211; das n\u00e4chste steht bei <strong>Oliver Debus<\/strong> im <a href=\"http:\/\/astronomieschule.de\/blog\/\" target=\"_blank\">Astronomieschulblog<\/a>!<\/p>\n<div id=\"_mcePaste\" style=\"position: absolute; left: -10000px; top: 0px; width: 1px; height: 1px; overflow: hidden;\">\n<h2>Olhall\u00f6ksgfjaasldkfjasdflkjaf Prause<\/h2>\n<\/div>\n","protected":false},"excerpt":{"rendered":"<p>Wieder sind 2 Wochen ins Land gegangen, seit das Blog-Teleskop #79 bei Relativ kritisch erschienen ist. Zeit das Teleskop neu auszurichten! Ein wesentliches Thema was das Ende der Shuttle-\u00c4ra, zwei weitere ein Blick auf Vesta und die Entdeckung von P4. Aber sch\u00f6n der Reihe nach. Ich mag Listen, die ich abarbeiten kann, deshalb rufe ich auch diesmal die von Florian Freistetter auf und beginne diesmal von hinten.<\/p>\n","protected":false},"author":3,"featured_media":0,"comment_status":"open","ping_status":"open","sticky":false,"template":"","format":"standard","meta":{"footnotes":""},"categories":[1,5],"tags":[22,26,24],"_links":{"self":[{"href":"https:\/\/www.meta-physik.com\/blog\/wp-json\/wp\/v2\/posts\/1307"}],"collection":[{"href":"https:\/\/www.meta-physik.com\/blog\/wp-json\/wp\/v2\/posts"}],"about":[{"href":"https:\/\/www.meta-physik.com\/blog\/wp-json\/wp\/v2\/types\/post"}],"author":[{"embeddable":true,"href":"https:\/\/www.meta-physik.com\/blog\/wp-json\/wp\/v2\/users\/3"}],"replies":[{"embeddable":true,"href":"https:\/\/www.meta-physik.com\/blog\/wp-json\/wp\/v2\/comments?post=1307"}],"version-history":[{"count":13,"href":"https:\/\/www.meta-physik.com\/blog\/wp-json\/wp\/v2\/posts\/1307\/revisions"}],"predecessor-version":[{"id":2164,"href":"https:\/\/www.meta-physik.com\/blog\/wp-json\/wp\/v2\/posts\/1307\/revisions\/2164"}],"wp:attachment":[{"href":"https:\/\/www.meta-physik.com\/blog\/wp-json\/wp\/v2\/media?parent=1307"}],"wp:term":[{"taxonomy":"category","embeddable":true,"href":"https:\/\/www.meta-physik.com\/blog\/wp-json\/wp\/v2\/categories?post=1307"},{"taxonomy":"post_tag","embeddable":true,"href":"https:\/\/www.meta-physik.com\/blog\/wp-json\/wp\/v2\/tags?post=1307"}],"curies":[{"name":"wp","href":"https:\/\/api.w.org\/{rel}","templated":true}]}}