{"id":1475,"date":"2011-08-19T12:38:04","date_gmt":"2011-08-19T10:38:04","guid":{"rendered":"http:\/\/www.meta-physik.com\/blog\/?p=1475"},"modified":"2019-02-14T11:44:25","modified_gmt":"2019-02-14T10:44:25","slug":"ig-zu-fuss-tag-12-carfree-day","status":"publish","type":"post","link":"https:\/\/www.meta-physik.com\/blog\/ig-zu-fuss-tag-12-carfree-day\/","title":{"rendered":"IG zu Fu\u00df, Tag 12 \u2013 Carfree Day"},"content":{"rendered":"<p>Am 22. September ist es wieder soweit&#8230;<br \/>\n<a href=\"http:\/\/www.autofreiestadt.at\" target=\"_blank\"><img loading=\"lazy\" decoding=\"async\" class=\"alignnone size-medium wp-image-1476\" title=\"www.autofreiestadt.at\" src=\"http:\/\/www.meta-physik.com\/blog\/wp-content\/uploads\/2011\/08\/autofreiestadt.gif\" alt=\"autofreiestadt\" width=\"490\" height=\"166\" srcset=\"https:\/\/www.meta-physik.com\/blog\/wp-content\/uploads\/2011\/08\/autofreiestadt.gif 540w, https:\/\/www.meta-physik.com\/blog\/wp-content\/uploads\/2011\/08\/autofreiestadt-300x101.gif 300w\" sizes=\"(max-width: 490px) 100vw, 490px\" \/><\/a><\/p>\n<p><strong>Das Denken ist allen Menschen erlaubt, bleibt aber vielen erspart.<\/strong> Anders kann ich mir nicht erkl\u00e4ren, weshalb ich immer wieder h\u00f6re, wie Leute gebetsm\u00fchlenartig runterbeten, dass man in der Stadt nur mit dem Auto fahren kann, weil die \u00d6ffis zu langsam sind, zu voll sind, zu selten fahren, und dass alle Radfahrer Kampfradler sind und Rad fahren daher verboten geh\u00f6rt. (Zwar bezahlen in der Regel nur Radfahrer mit dem Leben und nicht die Autofahrer, aber Rationalit\u00e4t hat in der Diskussion nichts verloren.)<!--more--><\/p>\n<p>Zum Gl\u00fcck gibt es doch immer wieder kleine Gruppen an Menschen, die \u00fcber Dinge nachdenken, <strong>\u00fcber die man gar nicht nachdenken darf. Zum Beispiel eine autofreie Stadt.<\/strong> Damit man sich vorstellen kann, wie das aussehen k\u00f6nnte, gibt es jedes Jahr <strong>&#8222;Rasen am Ring&#8220;<\/strong> &#8211; nein, hier geht es nicht darum m\u00f6glichst kurze Rundenzeiten zu erreichen, sondern es wird ein Teppich aus Gras ausgebreitet. Wer das schon mal erlebt hat, erinnert sich sicherlich an die herrliche Ruhe. Besonders stark ist der Kontrast in dem Augenblick, in dem die Verkehrskolonne wieder anrollt.<\/p>\n<p><strong>Am 22. September ist es wieder soweit: <\/strong>Da muss man kein Gedankenexperiment machen, wie es sein k\u00f6nnte, <a href=\"http:\/\/autofreiestadt.at\/cms\/website.php?id=\/de\/aktionen\/oeffi.htm\" target=\"_blank\">sondern kann es sich einfach anschauen<\/a>.<strong> Au\u00dferdem kann die \u00d6BB-Vorteilscard im Zeitraum von 15. bis 30. September <a href=\"http:\/\/www.ots.at\/presseaussendung\/OTS_20050914_OTS0252\/autofreier-tag-zwei-wochen-oebb-vorteilscard-gratis-testen\" target=\"_blank\">zum Kennenlernen gratis getestet werden<\/a>. Das zahlt sich doch aus, oder?<\/strong><\/p>\n","protected":false},"excerpt":{"rendered":"<p>Am 22. September ist es wieder soweit&#8230; Das Denken ist allen Menschen erlaubt, bleibt aber vielen erspart. Anders kann ich mir nicht erkl\u00e4ren, weshalb ich immer wieder h\u00f6re, wie Leute gebetsm\u00fchlenartig runterbeten, dass man in der Stadt nur mit dem Auto fahren kann, weil die \u00d6ffis zu langsam sind, zu voll sind, zu selten fahren, [&hellip;]<\/p>\n","protected":false},"author":3,"featured_media":0,"comment_status":"open","ping_status":"open","sticky":false,"template":"","format":"standard","meta":{"footnotes":""},"categories":[1,36],"tags":[42,34,8,37],"_links":{"self":[{"href":"https:\/\/www.meta-physik.com\/blog\/wp-json\/wp\/v2\/posts\/1475"}],"collection":[{"href":"https:\/\/www.meta-physik.com\/blog\/wp-json\/wp\/v2\/posts"}],"about":[{"href":"https:\/\/www.meta-physik.com\/blog\/wp-json\/wp\/v2\/types\/post"}],"author":[{"embeddable":true,"href":"https:\/\/www.meta-physik.com\/blog\/wp-json\/wp\/v2\/users\/3"}],"replies":[{"embeddable":true,"href":"https:\/\/www.meta-physik.com\/blog\/wp-json\/wp\/v2\/comments?post=1475"}],"version-history":[{"count":10,"href":"https:\/\/www.meta-physik.com\/blog\/wp-json\/wp\/v2\/posts\/1475\/revisions"}],"predecessor-version":[{"id":1494,"href":"https:\/\/www.meta-physik.com\/blog\/wp-json\/wp\/v2\/posts\/1475\/revisions\/1494"}],"wp:attachment":[{"href":"https:\/\/www.meta-physik.com\/blog\/wp-json\/wp\/v2\/media?parent=1475"}],"wp:term":[{"taxonomy":"category","embeddable":true,"href":"https:\/\/www.meta-physik.com\/blog\/wp-json\/wp\/v2\/categories?post=1475"},{"taxonomy":"post_tag","embeddable":true,"href":"https:\/\/www.meta-physik.com\/blog\/wp-json\/wp\/v2\/tags?post=1475"}],"curies":[{"name":"wp","href":"https:\/\/api.w.org\/{rel}","templated":true}]}}