{"id":257,"date":"2009-05-24T13:24:07","date_gmt":"2009-05-24T11:24:07","guid":{"rendered":"http:\/\/www.meta-physik.com\/blog\/?p=257"},"modified":"2020-08-06T10:21:09","modified_gmt":"2020-08-06T08:21:09","slug":"kopftuch-schwer-integrierbare-migrantin","status":"publish","type":"post","link":"https:\/\/www.meta-physik.com\/blog\/kopftuch-schwer-integrierbare-migrantin\/","title":{"rendered":"Kopftuch = schwer integrierbare Migrantin?"},"content":{"rendered":"<p><strong>Ich habe keine L\u00f6sung f\u00fcr diese Frage: <a title=\"Was h\u00e4lt der Kosmos noch f\u00fcr dich bereit?\" href=\"http:\/\/www.sciq.at\/detail\/artikel\/2\/was-haelt-de\/?cHash=530e15e184\" target=\"_blank\" rel=\"noopener noreferrer\">d\u00fcrfen Frauen mit Kopftuch Sterne beobachten oder nicht?<\/a> Soll man Frauen in unserer Gesellschaft verbieten ein Kopftuch zu tragen? Was ist zum Beispiel mit der Society-Reporterin Ro Raftl &#8211; w\u00fcrde irgendjemand sie ohne Kopftuch \u00fcberhaupt erkennen?<\/strong><!--more--><\/p>\n<p>Scheinbar d\u00fcrfen Frauen fast alles, was M\u00e4nner auch d\u00fcrfen, aber wenn man genauer hinsieht, gibt es doch Einschr\u00e4nkungen. Eine Frau darf alles, solange sie h\u00fcbsch ist und genug f\u00fcr ihr Aussehen tut. Zwar werden massenhaft Witze \u00fcber sich schminkende Frauen gemacht, aber wenn eine Frau sich nicht um Mode und Aussehen k\u00fcmmert, bekommt sie schon zu sp\u00fcren, dass das eigentlich das Mindeste ist, was man von ihr erwarten kann. Bei M\u00e4nnern wird gutes Aussehen zwar wichtiger, ist aber trotzdem nebens\u00e4chlich. Wie anders kann ich mir erkl\u00e4ren, dass Sendungen wie &#8222;Germanys next Topmodel&#8220; im Fernsehen laufen? <strong>Und wo bleibt da die Quote &#8211; kein einziger Mann unter den Teilnehmern? Wieso regt sich keiner auf? Seltsam das.<\/strong><\/p>\n<p><strong>Ganz besonders d\u00fcrfen Frauen kein Kopftuch tragen.<\/strong> Aber: Werden Kopft\u00fccher nur aus religi\u00f6sen Gr\u00fcnden getragen? Manch einer erinnert sich vielleicht nicht mehr, aber Natascha Kampusch hat bei ihrem ersten Interview auch ihre Haare eingewickelt. Sollte sowas k\u00fcnftig verboten werden?<\/p>\n<p>Au\u00dferdem waren in meiner Schulzeit indische Schals und Pal\u00e4stinensert\u00fccher topmodern, die haben wir zwar meist um den Hals getragen, manchmal aber auch auf dem Kopf. Und das in einem katholischen Privatgymnasium.<\/p>\n<p>Und selbst wenn aus religi\u00f6sen Gr\u00fcnden: haben wir hier in \u00d6sterreich nun Religionsfreiheit oder eher doch nicht? <em>He-Who-Must-Not-Be-Named<\/em> hat Wien mit Plakaten zugepflastert, die einfach nur eine Schande sind&#8230;<\/p>\n<p>Anderer Aspekt: auch wenn es in manchen afrikanischen Kulturen \u00fcblich sein mag, dass Frauen mit nacktem Oberk\u00f6rper herumlaufen, ich w\u00fcrde mich sch\u00f6n bedanken, wenn jemand das dort von mir verlangen w\u00fcrde. Und das nicht aus religi\u00f6sen Gr\u00fcnden, sondern weil mir alles andere einfach unangenehm w\u00e4re. Manchen Frauen geht es mit dem Kopftuch vielleicht ebenso.<\/p>\n<p>Wie komme ich \u00fcberhaupt auf so etwas? <strong>Am 29. Mai findet in der Wiener Uraniasternwarte <a title=\"Was h\u00e4lt der Kosmos noch f\u00fcr dich bereit?\" href=\"http:\/\/www.sciq.at\/detail\/artikel\/2\/was-haelt-de\/?cHash=530e15e184\" target=\"_blank\" rel=\"noopener noreferrer\">eine Veranstaltung statt<\/a>, die mit einem Foto beworben wird, auf dem ein junges M\u00e4del mit Kopftuch zu sehen ist.<\/strong> Mir gefiel die Einladung spontan ausgesprochen gut, und ich verstand auch die Botschaft: <strong>Diese Veranstaltung ist f\u00fcr alle, egal aus welcher Ecke der Gesellschaft sie kommen.<\/strong><\/p>\n<p><strong>Umso erstaunter war ich zu h\u00f6ren, dass es zu diesem Sujet jede Menge Kritik gehagelt hat. <\/strong>Gestern erst erkl\u00e4rte mir ein Bekannter, wenn eine Frau mit Kopftuch dargestellt wird, assoziieren viele Menschen damit &#8222;Schwer integrierbare Migrantin&#8220;. Der f\u00fcr mich bedr\u00fcckende Aspekt an dieser Sache ist: wahrscheinlich hat er Recht.<\/p>\n<p><strong>Aber die L\u00f6sung kann meiner Meinung nach nicht lauten: Frauen d\u00fcrfen nur ohne Kopftuch dargestellt werden. Deshalb gef\u00e4llt mir das Foto &#8211; mehr davon!<\/strong><\/p>\n<p><em>PS: an meine Freunde: nein, werd weiterhin ohne Kopftuch rumlaufen und weiterhin ohne St\u00f6ckelschuhe, Minirock ist bei gro\u00dfer Hitze und mit guten Argumenten verhandelbar. Eventuell. Generell ist mir jede Einschr\u00e4nkung und jedes Muss ein Gr\u00e4uel.<\/em><\/p>\n","protected":false},"excerpt":{"rendered":"<p>Ich habe keine L\u00f6sung f\u00fcr diese Frage: d\u00fcrfen Frauen mit Kopftuch Sterne beobachten oder nicht? Soll man Frauen in unserer Gesellschaft verbieten ein Kopftuch zu tragen? Was ist zum Beispiel mit der Society-Reporterin Ro Raftl &#8211; w\u00fcrde irgendjemand sie ohne Kopftuch \u00fcberhaupt erkennen?<\/p>\n","protected":false},"author":3,"featured_media":0,"comment_status":"open","ping_status":"open","sticky":false,"template":"","format":"standard","meta":{"footnotes":""},"categories":[5],"tags":[39,17],"_links":{"self":[{"href":"https:\/\/www.meta-physik.com\/blog\/wp-json\/wp\/v2\/posts\/257"}],"collection":[{"href":"https:\/\/www.meta-physik.com\/blog\/wp-json\/wp\/v2\/posts"}],"about":[{"href":"https:\/\/www.meta-physik.com\/blog\/wp-json\/wp\/v2\/types\/post"}],"author":[{"embeddable":true,"href":"https:\/\/www.meta-physik.com\/blog\/wp-json\/wp\/v2\/users\/3"}],"replies":[{"embeddable":true,"href":"https:\/\/www.meta-physik.com\/blog\/wp-json\/wp\/v2\/comments?post=257"}],"version-history":[{"count":7,"href":"https:\/\/www.meta-physik.com\/blog\/wp-json\/wp\/v2\/posts\/257\/revisions"}],"predecessor-version":[{"id":2222,"href":"https:\/\/www.meta-physik.com\/blog\/wp-json\/wp\/v2\/posts\/257\/revisions\/2222"}],"wp:attachment":[{"href":"https:\/\/www.meta-physik.com\/blog\/wp-json\/wp\/v2\/media?parent=257"}],"wp:term":[{"taxonomy":"category","embeddable":true,"href":"https:\/\/www.meta-physik.com\/blog\/wp-json\/wp\/v2\/categories?post=257"},{"taxonomy":"post_tag","embeddable":true,"href":"https:\/\/www.meta-physik.com\/blog\/wp-json\/wp\/v2\/tags?post=257"}],"curies":[{"name":"wp","href":"https:\/\/api.w.org\/{rel}","templated":true}]}}